{"id":2929,"__str__":"Of\u00edcio Legislativo - Convoca\u00e7\u00e3o de Reuni\u00e3o de 06/06/2024 por Demir da Sa\u00fade - Presidente da Comiss\u00e3o de \u00c9tica e Decoro Parlamentar","link_detail_backend":"/materia/documentoacessorio/2929","metadata":{"signs":{"arquivo":{"admin":[],"autores":[["Jose Ademir Pereira",["2024-06-06T10:07:31-03:00","ICP-Brasil - Certificado PF A1"]]]}}},"nome":"Convoca\u00e7\u00e3o de Reuni\u00e3o","data":"2024-06-06","autor":"Demir da Sa\u00fade - Presidente da Comiss\u00e3o de \u00c9tica e Decoro Parlamentar","ementa":"","indexacao":"","arquivo":"http://sapl.santacruzdocapibaribe.pe.leg.br/media/sapl/public/documentoacessorio/2024/2929/21-oficio_69.2024_convocacao_reuniao_para_dia_07.06_-ass.pdf","data_ultima_atualizacao":"2024-06-06T11:05:58.446071-03:00","materia":12963,"tipo":11}