{"id":3424,"__str__":"Parecer da Comiss\u00e3o de Sa\u00fade - Parecer de 25/03/2025 por Comiss\u00e3o de Sa\u00fade","link_detail_backend":"/materia/documentoacessorio/3424","metadata":{"signs":{"arquivo":{"admin":[],"autores":[["Antonio Silva Adelino",["2025-03-28T10:09:01-03:00","ICP-Brasil - Certificado PF A1"]],["Inacio Marques Vieira",["2025-03-27T09:07:20-03:00","ICP-Brasil - Certificado PF A1"]],["Nailson Ramos da Silva",["2025-03-28T15:44:09-03:00","ICP-Brasil - Certificado PF A1"]]]}}},"nome":"Parecer","data":"2025-03-25","autor":"Comiss\u00e3o de Sa\u00fade","ementa":"","indexacao":"","arquivo":"http://sapl.santacruzdocapibaribe.pe.leg.br/media/sapl/public/documentoacessorio/2025/3424/Parecer%20Sa%C3%BAde%20(1).pdf","data_ultima_atualizacao":"2025-03-31T08:58:27.960548-03:00","materia":14781,"tipo":17}