{"id":3806,"__str__":"Parecer da Comiss\u00e3o de Educa\u00e7\u00e3o e Cultura - Parecer de 04/09/2025 por Comiss\u00e3o de Educa\u00e7\u00e3o","link_detail_backend":"/materia/documentoacessorio/3806","metadata":{"signs":{"arquivo":{"admin":[],"autores":[["Deomedes Alves de Brito",["2025-09-04T09:35:07-03:00","ICP-Brasil - Certificado PF A1"]],["Jose Soares Correia",["2025-09-04T09:23:26-03:00","ICP-Brasil - Certificado PF A1"]],["Tallys Augusto de Lima Maia",["2025-09-04T08:55:37-03:00","ICP-Brasil - Certificado PF A1"]]]}}},"nome":"Parecer","data":"2025-09-04","autor":"Comiss\u00e3o de Educa\u00e7\u00e3o","ementa":"","indexacao":"","arquivo":"http://sapl.santacruzdocapibaribe.pe.leg.br/media/sapl/public/documentoacessorio/2025/3806/parecer_educacao_1-1.pdf","data_ultima_atualizacao":"2025-09-04T11:03:06.662817-03:00","materia":15845,"tipo":13}