{"id":13497,"__str__":"Voto de Aplausos n\u00ba 151 de 2024","link_detail_backend":"/materia/13497","metadata":{"signs":{"texto_original":{"admin":[],"autores":[["Julio Cesar Gomes de Oliveira",["2024-06-28T06:01:23-03:00","ICP-Brasil - Certificado PF A1"]]]}}},"numero":151,"ano":2024,"numero_protocolo":916,"data_apresentacao":"2024-07-01","tipo_apresentacao":"","data_publicacao":null,"numero_origem_externa":"","ano_origem_externa":null,"data_origem_externa":null,"apelido":"","dias_prazo":null,"data_fim_prazo":null,"em_tramitacao":false,"polemica":false,"objeto":"","complementar":false,"ementa":"\u201cVOTOS DE APLAUSOS\u201d ao Cantor \u201cJUNIOR VAQUEIRO\u201d, em virtude da brilhante apresenta\u00e7\u00e3o realizada dia 27 de junho de 2024 no palco do Forr\u00f3 da Ema do S\u00e3o Jo\u00e3o da Moda 2024.","indexacao":"","observacao":"","resultado":"","texto_original":"http://sapl.santacruzdocapibaribe.pe.leg.br/media/sapl/public/materialegislativa/2024/13497/36o_votos_de_aplausos_ao_cantor_junior_vaqueiro_pela_apresentacao_no_palco_do_forro_da_ema_2024.pdf","data_ultima_atualizacao":"2024-10-20T20:48:16.025509-03:00","ip":"","ultima_edicao":null,"tipo":18,"regime_tramitacao":1,"tipo_origem_externa":null,"local_origem_externa":null,"user":null,"anexadas":[],"autores":[33]}