{"id":14991,"__str__":"Projeto de Lei Ordin\u00e1ria do Legislativo n\u00ba 75 de 2025","link_detail_backend":"/materia/14991","metadata":{"signs":{"texto_original":{"admin":[],"autores":[["Jessyca Monica de Lima Cavalcanti",["2025-02-20T12:19:25-03:00","ICP-Brasil - Certificado PF A1"]]]}}},"numero":75,"ano":2025,"numero_protocolo":947,"data_apresentacao":"2025-02-20","tipo_apresentacao":"","data_publicacao":null,"numero_origem_externa":"","ano_origem_externa":null,"data_origem_externa":null,"apelido":"","dias_prazo":null,"data_fim_prazo":null,"em_tramitacao":false,"polemica":false,"objeto":"","complementar":false,"ementa":"DISP\u00d5E SOBRE A INSER\u00c7\u00c3O DAS ESCOLAS MUNICIPAIS NAS COMEMORA\u00c7\u00d5ES DO DIA DO RIO CAPIBARIBE, NO DIA 24 DE NOVEMBRO, E A INCLUS\u00c3O DO POLO DE CONFEC\u00c7\u00c3O NO CONTEXTO DA PRESERVA\u00c7\u00c3O DO MEIO AMBIENTE, NO \u00c2MBITO DO MUNIC\u00cdPIO DE SANTA CRUZ DO CAPIBARIBE.","indexacao":"","observacao":"","resultado":"","texto_original":"http://sapl.santacruzdocapibaribe.pe.leg.br/media/sapl/public/materialegislativa/2025/14991/comemoracoes_do_dia_do_rio_capibaribe_20.02.2025.pdf","data_ultima_atualizacao":"2025-12-08T10:54:11.227185-03:00","ip":"","ultima_edicao":null,"tipo":4,"regime_tramitacao":1,"tipo_origem_externa":null,"local_origem_externa":null,"user":null,"anexadas":[],"autores":[27]}