{"id":15713,"__str__":"Mo\u00e7\u00e3o de Pesar n\u00ba 43 de 2025","link_detail_backend":"/materia/15713","metadata":{"signs":{"texto_original":{"admin":[],"autores":[["Julio Cesar Gomes de Oliveira",["2025-05-11T22:03:55-03:00","ICP-Brasil - Certificado PF A1"]]]}}},"numero":43,"ano":2025,"numero_protocolo":1663,"data_apresentacao":"2025-05-12","tipo_apresentacao":"","data_publicacao":null,"numero_origem_externa":"","ano_origem_externa":null,"data_origem_externa":null,"apelido":"","dias_prazo":null,"data_fim_prazo":null,"em_tramitacao":false,"polemica":false,"objeto":"","complementar":false,"ementa":"VOTOS DE PROFUNDO PESAR pelo falecimento do Ilmo. Sr. Pedro Estev\u00e3o Neto, Vereador Presidente da C\u00e2mara de Vereadores da Prata, munic\u00edpio do Cariri Paraibano, mais conhecido por (Estevinho), ocorrido no domingo, dia 11 de maio de 2025, v\u00edtima de acidente automobil\u00edstico ocorrido na BR-412, nas proximidades da cidade Monteiro/PB.","indexacao":"","observacao":"","resultado":"","texto_original":"http://sapl.santacruzdocapibaribe.pe.leg.br/media/sapl/public/materialegislativa/2025/15713/01o_mocao_de_pesar_de_sr._pedro_estevao_neto_vereador_presidente_da_camara_de_vereadores_da_prata..pdf","data_ultima_atualizacao":"2025-06-03T19:08:07.848043-03:00","ip":"","ultima_edicao":null,"tipo":13,"regime_tramitacao":1,"tipo_origem_externa":null,"local_origem_externa":null,"user":null,"anexadas":[],"autores":[33]}