{"id":16467,"__str__":"Voto de Aplausos n\u00ba 173 de 2025","link_detail_backend":"/materia/16467","metadata":{"signs":{"texto_original":{"admin":[],"autores":[["Jose Soares Correia",["2025-08-25T12:07:20-03:00","ICP-Brasil - Certificado PF A1"]]]}}},"numero":173,"ano":2025,"numero_protocolo":2410,"data_apresentacao":"2025-08-25","tipo_apresentacao":"","data_publicacao":null,"numero_origem_externa":"","ano_origem_externa":null,"data_origem_externa":null,"apelido":"","dias_prazo":null,"data_fim_prazo":null,"em_tramitacao":false,"polemica":false,"objeto":"","complementar":false,"ementa":"Voto de Aplausos \u00e0 Senhora Maria Marta Oliveira Coelho, gestora do Departamento de Educa\u00e7\u00e3o Especial Inclusiva da Secretaria Municipal de Educa\u00e7\u00e3o, bem como \u00e0s Senhoras Joselany Gomes da Silva Andrade, Janiele Esp\u00edndola de Melo, Monica Lilian de Farias e Gislene Queiroz Silva de Freitas, em reconhecimento \u00e0 excelente organiza\u00e7\u00e3o da Semana da Pessoa com Defici\u00eancia, realizada no per\u00edodo de 24 a 29 de agosto.","indexacao":"","observacao":"","resultado":"","texto_original":"http://sapl.santacruzdocapibaribe.pe.leg.br/media/sapl/public/materialegislativa/2025/16467/equipe_de_inclusao_da_seduc.pdf","data_ultima_atualizacao":"2025-08-26T11:58:12.305087-03:00","ip":"","ultima_edicao":null,"tipo":18,"regime_tramitacao":1,"tipo_origem_externa":null,"local_origem_externa":null,"user":null,"anexadas":[],"autores":[34]}