{"id":16614,"__str__":"Projeto de Lei Ordin\u00e1ria do Legislativo n\u00ba 294 de 2025","link_detail_backend":"/materia/16614","metadata":{"signs":{"texto_original":{"admin":[],"autores":[["Tallys Augusto de Lima Maia",["2025-09-10T14:41:14-03:00","ICP-Brasil - Certificado PF A3"]]]}}},"numero":294,"ano":2025,"numero_protocolo":2557,"data_apresentacao":"2025-09-11","tipo_apresentacao":"","data_publicacao":null,"numero_origem_externa":"","ano_origem_externa":null,"data_origem_externa":null,"apelido":"","dias_prazo":null,"data_fim_prazo":null,"em_tramitacao":false,"polemica":false,"objeto":"","complementar":false,"ementa":"Institui a \u201cCampanha de Conscientiza\u00e7\u00e3o: Fala, Crian\u00e7a!\u201d nas Escolas da Rede P\u00fablica Municipal de Ensino de Santa Cruz do Capibaribe.","indexacao":"","observacao":"","resultado":"","texto_original":"http://sapl.santacruzdocapibaribe.pe.leg.br/media/sapl/public/materialegislativa/2025/16614/pl_37___fala_crianca.pdf","data_ultima_atualizacao":"2025-12-18T09:12:07.430978-03:00","ip":"","ultima_edicao":null,"tipo":4,"regime_tramitacao":1,"tipo_origem_externa":null,"local_origem_externa":null,"user":null,"anexadas":[],"autores":[77]}