{"id":17210,"__str__":"Voto de Aplausos n\u00ba 260 de 2025","link_detail_backend":"/materia/17210","metadata":{"signs":{"texto_original":{"admin":[],"autores":[["Jose Soares Correia",["2025-11-13T15:17:59-03:00","ICP-Brasil - Certificado PF A1"]]]}}},"numero":260,"ano":2025,"numero_protocolo":3139,"data_apresentacao":"2025-11-14","tipo_apresentacao":"","data_publicacao":null,"numero_origem_externa":"","ano_origem_externa":null,"data_origem_externa":null,"apelido":"","dias_prazo":null,"data_fim_prazo":null,"em_tramitacao":false,"polemica":false,"objeto":"","complementar":false,"ementa":"VOTOS DE APLAUSOS a todas as igrejas evang\u00e9licas de Santa Cruz do Capibaribe que participaram da 5\u00aa Edi\u00e7\u00e3o da Semana Municipal da Cultura Evang\u00e9lica \u201cPastor Adonias Alves Rodrigues\u201d, realizada no per\u00edodo de 5 a 8 de novembro, na Avenida 29 de dezembro.","indexacao":"","observacao":"","resultado":"","texto_original":"http://sapl.santacruzdocapibaribe.pe.leg.br/media/sapl/public/materialegislativa/2025/17210/as_igrejas_evangelicas_-_5a_edicao_da_semana_cultural.pdf","data_ultima_atualizacao":"2025-11-18T17:00:08.954072-03:00","ip":"","ultima_edicao":null,"tipo":18,"regime_tramitacao":1,"tipo_origem_externa":null,"local_origem_externa":null,"user":null,"anexadas":[],"autores":[34]}