{"id":1992,"__str__":"Requerimento n\u00ba 890 de 2021","link_detail_backend":"/materia/1992","metadata":{},"numero":890,"ano":2021,"numero_protocolo":null,"data_apresentacao":"2021-05-21","tipo_apresentacao":"","data_publicacao":null,"numero_origem_externa":"","ano_origem_externa":null,"data_origem_externa":null,"apelido":"","dias_prazo":null,"data_fim_prazo":null,"em_tramitacao":false,"polemica":false,"objeto":"","complementar":false,"ementa":"Requeiro \u00e0 Mesa, depois de ouvido o Plen\u00e1rio, cumpridas as formalidades legais contidas no Regimento Interno desta Casa, que seja inserido na ata de nossos trabalhos \"MO\u00c7\u00c3O DE PESAR\" a fam\u00edlia enlutada do senhor Jos\u00e9 Aderaldo Silvano J\u00fanior (Junior do Ja\u00e7an\u00e3).","indexacao":"","observacao":"","resultado":"","texto_original":null,"data_ultima_atualizacao":"2022-03-29T12:18:19.840683-03:00","ip":"170.244.235.120","ultima_edicao":"2022-03-29T12:17:44.913618-03:00","tipo":9,"regime_tramitacao":1,"tipo_origem_externa":null,"local_origem_externa":null,"user":28,"anexadas":[],"autores":[27]}