{"id":7784,"__str__":"Requerimento n\u00ba 413 de 2023","link_detail_backend":"/materia/7784","metadata":{},"numero":413,"ano":2023,"numero_protocolo":653,"data_apresentacao":"2023-05-08","tipo_apresentacao":"","data_publicacao":null,"numero_origem_externa":"","ano_origem_externa":null,"data_origem_externa":null,"apelido":"","dias_prazo":null,"data_fim_prazo":null,"em_tramitacao":false,"polemica":false,"objeto":"","complementar":false,"ementa":"O Vereador NAILSON RAMOS DA SILVA, no uso das atribui\u00e7\u00f5es que lhe s\u00e3o conferidas pelo Regimento Interno desta Casa, requer ao Senhor Presidente da C\u00e2mara de Vereadores de Santa Cruz do Capibaribe, Jos\u00e9 Clim\u00e9rio Neto, no sentido de envidar esfor\u00e7os para que seja realizado uma Sess\u00e3o Solene em homenagem aos 70 anos de Santa Cruz do Capibaribe.\r\nJUSTIFICATIVA\r\nNo dia 29 de dezembro de 2023 Santa Cruz do Capibaribe far\u00e1 70 anos de emancipa\u00e7\u00e3o pol\u00edtica, essa data t\u00e3o simb\u00f3lica tr\u00e1s orgulho para o nosso povo, seja pela sua hist\u00f3ria, pelas pessoas que aqui passaram, pelos filhos ausentes de nossa cidade, e por todos os que contribu\u00edram para que, nossa cidade hoje, se tornasse essa for\u00e7a econ\u00f4mica que tr\u00e1s desenvolvimento para a nossa regi\u00e3o e orgulha o nosso estado.\r\nSala das Sess\u00f5es, 5 de maio de 2023.\r\nNAILSON RAMOS DA SILVA\r\nVereador","indexacao":"","observacao":"","resultado":"","texto_original":"http://sapl.santacruzdocapibaribe.pe.leg.br/media/sapl/public/materialegislativa/2023/7784/70_anos_de_santa_cruz_do_capibaribe.pdf","data_ultima_atualizacao":"2023-05-16T11:45:06.674255-03:00","ip":"","ultima_edicao":null,"tipo":9,"regime_tramitacao":1,"tipo_origem_externa":null,"local_origem_externa":null,"user":null,"anexadas":[],"autores":[35]}