{"id":480,"__str__":"Ordem: Ordem do Dia/Expediente: 2 - Emenda n\u00ba 2 de 2023 em 8\u00aa Sess\u00e3o Ordin\u00e1ria de 2023 da 3\u00aa Sess\u00e3o Legislativa da 16\u00aa Legislatura - Requerente: None - Mat\u00e9ria: Emenda n\u00ba 2 de 2023","link_detail_backend":"/sessao/retiradapauta/480","metadata":{},"data":"2023-04-04","observacao":"Retirado de pauta ap\u00f3s solicita\u00e7\u00e3o da Vereadora J\u00e9ssyca e deliberado em plen\u00e1rio.","materia":3841,"sessao_plenaria":112,"ordem":3880,"expediente":null,"parlamentar":null,"tipo_de_retirada":2}